{"id":115,"date":"2012-10-07T12:54:01","date_gmt":"2012-10-07T10:54:01","guid":{"rendered":"https:\/\/wmu.ac-nice.fr\/clg-albrecht\/2012\/10\/07\/4e-jour-pariscience\/"},"modified":"2012-10-07T12:54:01","modified_gmt":"2012-10-07T10:54:01","slug":"4e-jour-pariscience","status":"publish","type":"post","link":"https:\/\/www.clg-berty-albrecht.ac-nice.fr\/?p=115","title":{"rendered":"4e jour : Pariscience"},"content":{"rendered":"<h6><span style=\"color: #800080;\"><span style=\"text-decoration: underline;\"><strong>Film \u00ab\u00a0Somnolence, quand le cerveau n&rsquo;en fait qu&rsquo;\u00e0 sa t\u00eate\u00a0\u00bb<\/strong><\/span><\/span><\/h6>\n<p><img loading=\"lazy\" decoding=\"async\" class=\" size-full wp-image-111\" src=\"http:\/\/wmu.ac-nice.fr\/clg-albrecht\/wp-content\/uploads\/sites\/120\/2012\/10\/dsc01399.jpg\" border=\"0\" width=\"232\" height=\"122\" \/><\/p>\n<h6><span style=\"color: #800080;\"><span style=\"text-decoration: underline;\"><strong>Pr\u00e9sentation de l&rsquo;\u00e9mission X:enius par son pr\u00e9sentateur et sa productrice<\/strong><\/span><\/span><\/h6>\n<p><img loading=\"lazy\" decoding=\"async\" class=\" size-full wp-image-112\" src=\"http:\/\/wmu.ac-nice.fr\/clg-albrecht\/wp-content\/uploads\/sites\/120\/2012\/10\/dsc01407.jpg\" border=\"0\" width=\"230\" height=\"134\" \/><\/p>\n<h6><span style=\"color: #800080;\"><strong><span style=\"text-decoration: underline;\">Repos au Jardin des Plantes<\/span><\/strong><\/span><\/h6>\n<p><img loading=\"lazy\" decoding=\"async\" class=\" size-full wp-image-113\" src=\"http:\/\/wmu.ac-nice.fr\/clg-albrecht\/wp-content\/uploads\/sites\/120\/2012\/10\/dsc01408.jpg\" border=\"0\" width=\"235\" height=\"135\" \/><img loading=\"lazy\" decoding=\"async\" class=\" size-full wp-image-114\" src=\"http:\/\/wmu.ac-nice.fr\/clg-albrecht\/wp-content\/uploads\/sites\/120\/2012\/10\/dsc01409.jpg\" border=\"0\" width=\"231\" height=\"125\" \/><\/p>\n","protected":false},"excerpt":{"rendered":"<p>Film \u00ab\u00a0Somnolence, quand le cerveau n&rsquo;en fait qu&rsquo;\u00e0 sa t\u00eate\u00a0\u00bb Pr\u00e9sentation de l&rsquo;\u00e9mission X:enius par son pr\u00e9sentateur et sa productrice Repos au Jardin des Plantes<\/p>\n","protected":false},"author":448,"featured_media":111,"comment_status":"closed","ping_status":"closed","sticky":false,"template":"","format":"standard","meta":{"ngg_post_thumbnail":0,"footnotes":""},"categories":[72],"tags":[],"class_list":["post-115","post","type-post","status-publish","format-standard","has-post-thumbnail","hentry","category-voyage-scientifique-a-paris"],"_links":{"self":[{"href":"https:\/\/www.clg-berty-albrecht.ac-nice.fr\/index.php?rest_route=\/wp\/v2\/posts\/115","targetHints":{"allow":["GET"]}}],"collection":[{"href":"https:\/\/www.clg-berty-albrecht.ac-nice.fr\/index.php?rest_route=\/wp\/v2\/posts"}],"about":[{"href":"https:\/\/www.clg-berty-albrecht.ac-nice.fr\/index.php?rest_route=\/wp\/v2\/types\/post"}],"author":[{"embeddable":true,"href":"https:\/\/www.clg-berty-albrecht.ac-nice.fr\/index.php?rest_route=\/wp\/v2\/users\/448"}],"replies":[{"embeddable":true,"href":"https:\/\/www.clg-berty-albrecht.ac-nice.fr\/index.php?rest_route=%2Fwp%2Fv2%2Fcomments&post=115"}],"version-history":[{"count":0,"href":"https:\/\/www.clg-berty-albrecht.ac-nice.fr\/index.php?rest_route=\/wp\/v2\/posts\/115\/revisions"}],"wp:featuredmedia":[{"embeddable":true,"href":"https:\/\/www.clg-berty-albrecht.ac-nice.fr\/index.php?rest_route=\/wp\/v2\/media\/111"}],"wp:attachment":[{"href":"https:\/\/www.clg-berty-albrecht.ac-nice.fr\/index.php?rest_route=%2Fwp%2Fv2%2Fmedia&parent=115"}],"wp:term":[{"taxonomy":"category","embeddable":true,"href":"https:\/\/www.clg-berty-albrecht.ac-nice.fr\/index.php?rest_route=%2Fwp%2Fv2%2Fcategories&post=115"},{"taxonomy":"post_tag","embeddable":true,"href":"https:\/\/www.clg-berty-albrecht.ac-nice.fr\/index.php?rest_route=%2Fwp%2Fv2%2Ftags&post=115"}],"curies":[{"name":"wp","href":"https:\/\/api.w.org\/{rel}","templated":true}]}}