{"id":1041,"date":"2020-05-18T22:56:36","date_gmt":"2020-05-18T20:56:36","guid":{"rendered":"https:\/\/www.clg-berty-albrecht.ac-nice.fr\/?p=1041"},"modified":"2020-06-09T22:13:16","modified_gmt":"2020-06-09T20:13:16","slug":"protocole-sanitaire","status":"publish","type":"post","link":"https:\/\/www.clg-berty-albrecht.ac-nice.fr\/?p=1041","title":{"rendered":"PROTOCOLE SANITAIRE"},"content":{"rendered":"<p style=\"text-align: left\"><a href=\"https:\/\/www.clg-berty-albrecht.ac-nice.fr\/wp-content\/uploads\/sites\/120\/2020\/05\/coronas.png\"><img loading=\"lazy\" decoding=\"async\" class=\" wp-image-1021 aligncenter\" src=\"https:\/\/www.clg-berty-albrecht.ac-nice.fr\/wp-content\/uploads\/sites\/120\/2020\/05\/coronas.png\" alt=\"\" width=\"376\" height=\"250\" srcset=\"https:\/\/www.clg-berty-albrecht.ac-nice.fr\/wp-content\/uploads\/sites\/120\/2020\/05\/coronas.png 275w, https:\/\/www.clg-berty-albrecht.ac-nice.fr\/wp-content\/uploads\/sites\/120\/2020\/05\/coronas-75x50.png 75w\" sizes=\"auto, (max-width: 376px) 100vw, 376px\" \/><\/a><\/p>\n<p>Mesdames, messieurs,&nbsp;<\/p>\n<p>Nous revenons vers vous pour vous donner toutes les indications concernant le retour de votre enfant au coll\u00e8ge pour ce mois de juin.<br \/>\nLe nombre important d&rsquo;inscriptions tous niveaux confondus, nous oblige \u00e0 proposer seulement deux jours de pr\u00e9sence par semaine par enfant, afin de respecter strictement le protocole sanitaire en vigueur. Les 6\u00e8mes et les 5\u00e8mes seront accueillis les lundis et les jeudis toute la journ\u00e9e et les 4\u00e8mes et les 3\u00e8mes seront accueillis les mardis et vendredis toute la journ\u00e9e.<br \/>\nLa cantine sera assur\u00e9e pour tous ceux qui se sont inscrits avant la cl\u00f4ture du sondage.&nbsp;<\/p>\n<p>Vous trouverez ci dessous les documents qui vous apporteront toutes les informations n\u00e9cessaires:<\/p>\n<p style=\"text-align: left\">&nbsp;<\/p>\n<table style=\"border-collapse: collapse;width: 100%\">\n<tbody>\n<tr>\n<td style=\"width: 50%;text-align: center\"><a href=\"https:\/\/www.clg-berty-albrecht.ac-nice.fr\/wp-content\/uploads\/sites\/120\/2020\/05\/covid19-protocole-sanitaire-pour-la-r-ouverture-des-coll-ges-et-lyc-es-67185.pdf\">covid19&#8212;protocole-sanitaire-pour-la-r-ouverture-des-coll-ges-et-lyc-es-67185<\/a><\/td>\n<td style=\"width: 50%;text-align: center\"><a href=\"https:\/\/www.clg-berty-albrecht.ac-nice.fr\/wp-content\/uploads\/sites\/120\/2020\/05\/les-affiches-\u00e0-respecter.pdf\">Les affiches \u00e0 respecter<\/a><\/td>\n<\/tr>\n<\/tbody>\n<\/table>\n<p>&nbsp;<\/p>\n<table style=\"border-collapse: collapse;width: 100%\">\n<tbody>\n<tr>\n<td style=\"width: 25%\"><a href=\"https:\/\/www.clg-berty-albrecht.ac-nice.fr\/wp-content\/uploads\/sites\/120\/2020\/05\/Protocole-interne-6\u00e8mes.pdf\">Protocole interne 6\u00e8mes<\/a><\/td>\n<td style=\"width: 25%\"><a href=\"https:\/\/www.clg-berty-albrecht.ac-nice.fr\/wp-content\/uploads\/sites\/120\/2020\/05\/Protocole-interne-5\u00e8mes.pdf\">Protocole interne 5\u00e8mes<\/a><\/td>\n<td style=\"width: 25%\"><a href=\"https:\/\/www.clg-berty-albrecht.ac-nice.fr\/wp-content\/uploads\/sites\/120\/2020\/05\/Protocole-interne-4\u00e8mes.pdf\">Protocole interne 4\u00e8mes<\/a><\/td>\n<td style=\"width: 25%\"><a href=\"https:\/\/www.clg-berty-albrecht.ac-nice.fr\/wp-content\/uploads\/sites\/120\/2020\/05\/Protocole-interne-3\u00e8mes.pdf\">Protocole interne 3\u00e8mes<\/a><\/td>\n<\/tr>\n<tr>\n<td style=\"width: 25%\"><a href=\"https:\/\/www.clg-berty-albrecht.ac-nice.fr\/wp-content\/uploads\/sites\/120\/2020\/05\/Emploi-du-temps-des-groupes-6\u00e8mes.pdf\">Emploi du temps des groupes 6\u00e8mes<\/a><\/td>\n<td style=\"width: 25%\"><a href=\"https:\/\/www.clg-berty-albrecht.ac-nice.fr\/wp-content\/uploads\/sites\/120\/2020\/05\/Emploi-du-temps-des-groupes-5\u00e8mes.pdf\">Emploi du temps des groupes 5\u00e8mes<\/a><\/td>\n<td style=\"width: 25%\"><a href=\"https:\/\/www.clg-berty-albrecht.ac-nice.fr\/wp-content\/uploads\/sites\/120\/2020\/05\/Emploi-du-temps-des-groupes-4\u00e8mes.pdf\">Emploi du temps des groupes 4\u00e8mes<\/a><\/td>\n<td style=\"width: 25%\"><a href=\"https:\/\/www.clg-berty-albrecht.ac-nice.fr\/wp-content\/uploads\/sites\/120\/2020\/05\/Emploi-du-temps-des-groupes-3\u00e8mes.pdf\">Emploi du temps des groupes 3\u00e8mes<\/a><\/td>\n<\/tr>\n<\/tbody>\n<\/table>\n<table style=\"border-collapse: collapse;width: 100%\">\n<tbody>\n<tr>\n<td style=\"width: 50%;text-align: center\"><a href=\"https:\/\/www.clg-berty-albrecht.ac-nice.fr\/wp-content\/uploads\/sites\/120\/2020\/05\/Temp\u00e9rature-6-5e-fiche-parents.pdf\">Temp\u00e9rature 6-5e fiche parents<\/a><\/td>\n<td style=\"width: 50%;text-align: center\"><a href=\"https:\/\/www.clg-berty-albrecht.ac-nice.fr\/wp-content\/uploads\/sites\/120\/2020\/05\/Temp\u00e9rature-4-3e-fiche-parents.pdf\">Temp\u00e9rature 4-3e fiche parents<\/a><\/td>\n<\/tr>\n<\/tbody>\n<\/table>\n<p>Cordialement&nbsp;<br \/>\nLa Direction&nbsp;<\/p>\n","protected":false},"excerpt":{"rendered":"<p>Mesdames, messieurs,&nbsp; Nous revenons vers vous pour vous donner toutes les indications concernant le retour de votre enfant au coll\u00e8ge pour ce mois de juin. Le nombre important d&rsquo;inscriptions tous niveaux confondus, nous oblige \u00e0 proposer seulement deux jours de pr\u00e9sence par semaine par enfant, afin de respecter strictement le protocole sanitaire en vigueur. Les [&hellip;]<\/p>\n","protected":false},"author":649,"featured_media":0,"comment_status":"closed","ping_status":"closed","sticky":false,"template":"","format":"standard","meta":{"ngg_post_thumbnail":0,"footnotes":""},"categories":[169],"tags":[168],"class_list":["post-1041","post","type-post","status-publish","format-standard","hentry","category-coronavirus","tag-coronavirus"],"_links":{"self":[{"href":"https:\/\/www.clg-berty-albrecht.ac-nice.fr\/index.php?rest_route=\/wp\/v2\/posts\/1041","targetHints":{"allow":["GET"]}}],"collection":[{"href":"https:\/\/www.clg-berty-albrecht.ac-nice.fr\/index.php?rest_route=\/wp\/v2\/posts"}],"about":[{"href":"https:\/\/www.clg-berty-albrecht.ac-nice.fr\/index.php?rest_route=\/wp\/v2\/types\/post"}],"author":[{"embeddable":true,"href":"https:\/\/www.clg-berty-albrecht.ac-nice.fr\/index.php?rest_route=\/wp\/v2\/users\/649"}],"replies":[{"embeddable":true,"href":"https:\/\/www.clg-berty-albrecht.ac-nice.fr\/index.php?rest_route=%2Fwp%2Fv2%2Fcomments&post=1041"}],"version-history":[{"count":0,"href":"https:\/\/www.clg-berty-albrecht.ac-nice.fr\/index.php?rest_route=\/wp\/v2\/posts\/1041\/revisions"}],"wp:attachment":[{"href":"https:\/\/www.clg-berty-albrecht.ac-nice.fr\/index.php?rest_route=%2Fwp%2Fv2%2Fmedia&parent=1041"}],"wp:term":[{"taxonomy":"category","embeddable":true,"href":"https:\/\/www.clg-berty-albrecht.ac-nice.fr\/index.php?rest_route=%2Fwp%2Fv2%2Fcategories&post=1041"},{"taxonomy":"post_tag","embeddable":true,"href":"https:\/\/www.clg-berty-albrecht.ac-nice.fr\/index.php?rest_route=%2Fwp%2Fv2%2Ftags&post=1041"}],"curies":[{"name":"wp","href":"https:\/\/api.w.org\/{rel}","templated":true}]}}